{"id":467,"date":"2013-07-01T02:46:22","date_gmt":"2013-07-01T01:46:22","guid":{"rendered":"http:\/\/www.daedalum.org\/wp\/?p=467"},"modified":"2014-02-12T21:18:17","modified_gmt":"2014-02-12T20:18:17","slug":"pnw13-day-10-everett-cascades-canada-day","status":"publish","type":"post","link":"https:\/\/blog.daedalum.org\/?p=467","title":{"rendered":"PNW&rsquo;13 &#8211; Day 10 &#8211; Everett, Cascades &#038; Canada Day"},"content":{"rendered":"<p style=\"text-align: justify;\">La journ\u00e9e d\u00e9bute \u00e0 Everett, au nord de Seattle. Dans le monde a\u00e9ro, Everett rime avec le chiffre sept. Sept comme dans 747, 767, 777 ou 787. Donc lever \u00e0 7h du matin, car je suis attendu \u00e0 Future of Flight, une organisation rattach\u00e9e \u00e0 Boeing en charge d&rsquo;organiser les visites sur le site. Everett n&rsquo;est pas le site de Boeing dans la r\u00e9gion, mais un des sites. Renton, au sud du Lake Washington, s&rsquo;occupe de produire les 737 moyens courriers. A deux pas de Renton, les essais en vol partent de Boeing Field o\u00f9 nous \u00e9tions hier. Autant dire que cette bo\u00eete \u00e0 une emprise monumentale sur la r\u00e9gion.<\/p>\n<p style=\"text-align: justify;\">Apr\u00e8s quelques courses sur la route J&#8217;emprunte la Boeing Highway. L&rsquo;usine se d\u00e9voile au d\u00e9tour d&rsquo;un virage. Monumentale c&rsquo;est le bon terme. Boeing s&rsquo;est install\u00e9 ici \u00e0 la fin des ann\u00e9es 60 pour produire le 747. Histoire d&rsquo;avoir les coud\u00e9es franches pour construire le plus grand appareil au monde, ils y ont construit le plus b\u00e2timent ferm\u00e9 le plus volumineux du monde. Apr\u00e8s avoir doubl\u00e9 de surface pour accueillir la production des 777 puis des 787, le b\u00e2timent a conserv\u00e9 son titre au fil des ans. Pr\u00e8s d&rsquo;un kilom\u00e8tre de long, 35m de haut, 500m de profondeur. Il para\u00eet qu&rsquo;au d\u00e9but des nuages se d\u00e9veloppaient au plafond. L&rsquo;autoroute passe entre les b\u00e2timents, un ou deux Dreamlifter par ci et des 787 en pagaille par l\u00e0.<\/p>\n<div style=\"text-align: center;\">\n<div style=\"display: inline-block; margin-right: 5px;\">\n<div style=\"width: 310px\" class=\"wp-caption aligncenter\"><a href=\"http:\/\/www.daedalum.org\/photos\/PNW13\/Everett\/photos\/IMG_9750.jpg\" rel=\"lightbox[467]\"><img alt=\"\" src=\"http:\/\/www.daedalum.org\/photos\/PNW13\/Everett\/photos\/IMG_9750.jpg\" width=\"300\" \/><\/a><p class=\"wp-caption-text\">Boeing Everett Factory<\/p><\/div>\n<\/div>\n<div style=\"display: inline-block;\">\n<div style=\"width: 310px\" class=\"wp-caption alignnone\"><a href=\"http:\/\/www.daedalum.org\/photos\/PNW13\/Everett\/photos\/IMG_9739.jpg\" rel=\"lightbox[467]\"><img alt=\"\" src=\"http:\/\/www.daedalum.org\/photos\/PNW13\/Everett\/photos\/IMG_9739.jpg\" width=\"300\" \/><\/a><p class=\"wp-caption-text\">Dreamlifter<\/p><\/div>\n<\/div>\n<\/div>\n<p style=\"text-align: justify;\"><!--more-->Future of Flight se trouve de l&rsquo;autre c\u00f4t\u00e9 des pistes. Le b\u00e2timent fait \u00e0 la fois office de mini-mus\u00e9e (avec entre autre un Beech Starship), de boutique Boeing Store et de salle de briefing pour les futurs visiteurs et ce qu&rsquo;ils n&rsquo;auront pas le droit de faire. Pas d&rsquo;appareil photo, pas de t\u00e9l\u00e9phone, \u00e7a ne rigole pas. Ce lundi matin de vacances il y a d\u00e9j\u00e0 de quoi remplir deux bus, dont un de chinois. Bizarrement ils se font plus fouiller que nous&#8230;<br \/>\nApr\u00e8s un petit film propagande, on nous embarque direction le gigantesque b\u00e2timent des lignes d&rsquo;assemblage. Il est lui m\u00eame pos\u00e9 sur un r\u00e9seau de tunnels qui permettent de s&rsquo;y d\u00e9placer sans traverser les outillages en surface. C&rsquo;est ainsi qu&rsquo;on d\u00e9barque au beau milieu de la cha\u00eene 747. Un ascenseur nous emm\u00e8ne sur un point de vue duquel on prend la mesure du monument. Quand on trouve un 747 petit, c&rsquo;est que le reste est vraiment grand.<\/p>\n<div style=\"width: 610px\" class=\"wp-caption aligncenter\"><a href=\"http:\/\/www.daedalum.org\/photos\/PNW13\/Everett\/photos\/IMG_9757-IMG_9759_-_6545x2306.jpg\" rel=\"lightbox[467]\"><img alt=\"\" src=\"http:\/\/www.daedalum.org\/photos\/PNW13\/Everett\/photos\/IMG_9757-IMG_9759_-_6545x2306.jpg\" width=\"600\" \/><\/a><p class=\"wp-caption-text\">Beech Starship<\/p><\/div>\n<p style=\"text-align: justify;\">On voit aussi l&rsquo;\u00e9volution des m\u00e9thodes de production avec le temps. La cha\u00eene 747 m\u00e9lange fabrication et assemblage, \u00e0 poste fixe. C&rsquo;est une jungle d&rsquo;outillages et de praticables. La cha\u00eene 777 est en comparaison plus simple, avec un syst\u00e8me d&rsquo;avance constante d\u00e9di\u00e9 \u00e0 l&rsquo;assemblage, les modules \u00e9tant pr\u00e9-assembl\u00e9s au pr\u00e9alable. Pour finir la cha\u00eene 787 para\u00eet vide. Les appareils sont assembl\u00e9s en quelques jours au m\u00eame poste, en assemblant quelques super-modules, dont certains sont d\u00e9j\u00e0 peints aux couleurs de la compagnie cliente. Bluffant, mais \u00e7a n&rsquo;a pas \u00e9t\u00e9 de tout repos \u00e0 mettre au point !\u00a0Dehors, on se ballade un peu \u00e0 pied entre les b\u00e2timents et on prend encore une fois la dimension du syst\u00e8me Boeing, les hectares de parking, les Starbucks partout dans l&rsquo;usine. Par contre \u00e7a ne va pas fort pour le 787 avec ses soucis de batterie, et Paine Field est truff\u00e9 de 787 avec ou sans moteur, quasiment pr\u00eats \u00e0 \u00eatre livr\u00e9s. \u00c7a repr\u00e9sente un gros paquet de fric qui attend d&rsquo;\u00eatre \u00e9coul\u00e9 et \u00e7a ne doit pas faire rire les actionnaires de Boeing.<\/p>\n<div style=\"text-align: center;\">\n<div style=\"display: inline-block; margin-right: 5px;\">\n<div style=\"width: 240px\" class=\"wp-caption aligncenter\"><a href=\"http:\/\/commons.wikimedia.org\/wiki\/File:Boeing_747-8_Test_Planes_in_Assembly.jpg\" rel=\"lightbox[467]\"><img alt=\"747 Assembly Chain\" src=\"http:\/\/upload.wikimedia.org\/wikipedia\/commons\/f\/f9\/Boeing_747-8_Test_Planes_in_Assembly.jpg\" width=\"230\" \/><\/a><p class=\"wp-caption-text\">747 Assembly Chain (Wikimedia)<\/p><\/div>\n<\/div>\n<div style=\"display: inline-block;\">\n<div style=\"width: 240px\" class=\"wp-caption alignnone\"><a href=\"http:\/\/airchive.com\/blog\/2013\/10\/31\/history-boeings-everett-plant-part-three-magificent-seven\/\"><img alt=\"747 Assembly Chain\" src=\"http:\/\/airchive.com\/blog\/wp-content\/gallery\/everett-factory\/boeing-777-factory-highshot-1.jpg\" width=\"230\" \/><\/a><p class=\"wp-caption-text\">777 Assembly Chain (Chris Loan)<\/p><\/div>\n<\/div>\n<div style=\"display: inline-block;\">\n<div style=\"width: 240px\" class=\"wp-caption alignnone\"><a href=\"http:\/\/blog.supertoolinc.com\/wp-content\/uploads\/2013\/12\/ss-110926-boeing-005.jpg\" rel=\"lightbox[467]\"><img alt=\"747 Assembly Chain\" src=\"http:\/\/blog.supertoolinc.com\/wp-content\/uploads\/2013\/12\/ss-110926-boeing-005.jpg\" width=\"230\" \/><\/a><p class=\"wp-caption-text\">787 Assembly Chain (DR)<\/p><\/div>\n<\/div>\n<\/div>\n<div style=\"width: 710px\" class=\"wp-caption aligncenter\"><a href=\"http:\/\/www.daedalum.org\/photos\/PNW13\/Everett\/photos\/IMG_9740-IMG_9746_-_13528x2152.jpg\" rel=\"lightbox[467]\"><img alt=\"\" src=\"http:\/\/www.daedalum.org\/photos\/PNW13\/Everett\/photos\/IMG_9740-IMG_9746_-_13528x2152.jpg\" width=\"700\" \/><\/a><p class=\"wp-caption-text\">Ground test ships<\/p><\/div>\n<p style=\"text-align: justify;\">Retour au Future of Flight, je fais quelques photos du Starship et de l&rsquo;a\u00e9roport depuis une terrasse sur le toit. Un peu plus loin sur le terrain se trouve trois belles collections, Historic Flight, mais qui est ferm\u00e9e aujourd&rsquo;hui, les ateliers de restauration du Museum of Flight, ferm\u00e9 \u00e9galement, et la derni\u00e8re qui m&rsquo;int\u00e9resse plus particuli\u00e8rement : la Heritage Flight Collection de Paul Allen, cofondateur de Microsoft et f\u00e9ru d&rsquo;aviation. Encore une collection \u00abparfaite\u00bb sous forme de mus\u00e9e volant (la plupart les machines sont en \u00e9tat de vol), on mangerait par terre et\u00a0les avions sont en \u00e9tat mieux que neuf. Parmi les pi\u00e8ces remarquables, vous trouverez un unique Fw190 Dora d\u2019origine (ex Champlin), des Messerschmidt Me163, Me109, de rares avions japonais Hayabusa et Zero et un quasi unique Il-2 Sturmovik. Ah, et puis il s&rsquo;est aussi achet\u00e9 un MiG-29 biplace, comme \u00e7a, juste pour le fun.<\/p>\n<div style=\"text-align: center;\">\n<div style=\"display: inline-block; margin-right: 5px;\">\n<div style=\"width: 290px\" class=\"wp-caption aligncenter\"><a href=\"http:\/\/www.daedalum.org\/photos\/PNW13\/Everett\/photos\/IMG_9779-IMG_9780_-_4079x2200.jpg\" rel=\"lightbox[467]\"><img alt=\"\" src=\"http:\/\/www.daedalum.org\/photos\/PNW13\/Everett\/photos\/IMG_9779-IMG_9780_-_4079x2200.jpg\" width=\"280\" \/><\/a><p class=\"wp-caption-text\">Fw190 Dora<\/p><\/div>\n<\/div>\n<div style=\"display: inline-block;\">\n<div style=\"width: 330px\" class=\"wp-caption alignnone\"><a href=\"http:\/\/www.daedalum.org\/photos\/PNW13\/Everett\/photos\/IMG_9868-IMG_9869_-_4702x2152.jpg\" rel=\"lightbox[467]\"><img alt=\"\" src=\"http:\/\/www.daedalum.org\/photos\/PNW13\/Everett\/photos\/IMG_9868-IMG_9869_-_4702x2152.jpg\" width=\"320\" \/><\/a><p class=\"wp-caption-text\">Il-2 Shturmovik<\/p><\/div>\n<\/div>\n<\/div>\n<div style=\"text-align: center;\">\n<div style=\"display: inline-block; margin-right: 5px;\">\n<div style=\"width: 310px\" class=\"wp-caption aligncenter\"><a href=\"http:\/\/www.daedalum.org\/photos\/PNW13\/Everett\/photos\/IMG_9831.jpg\" rel=\"lightbox[467]\"><img alt=\"\" src=\"http:\/\/www.daedalum.org\/photos\/PNW13\/Everett\/photos\/IMG_9831.jpg\" width=\"300\" \/><\/a><p class=\"wp-caption-text\">Hayabusa<\/p><\/div>\n<\/div>\n<div style=\"display: inline-block;\">\n<div style=\"width: 310px\" class=\"wp-caption alignnone\"><a href=\"http:\/\/www.daedalum.org\/photos\/PNW13\/Everett\/photos\/IMG_9887.jpg\" rel=\"lightbox[467]\"><img alt=\"\" src=\"http:\/\/www.daedalum.org\/photos\/PNW13\/Everett\/photos\/IMG_9887.jpg\" width=\"300\" \/><\/a><p class=\"wp-caption-text\">Mig-29UB<\/p><\/div>\n<\/div>\n<\/div>\n<p style=\"text-align: justify;\">Bye-bye, Seattle, ce fut court mais intense, on se retrouve dans dix jours, mais c&rsquo;est le 1er juillet et on m&rsquo;attend au Canada pour la f\u00eate nationale. Je r\u00e9cup\u00e8re l&rsquo;Interstate 5 pour remonter au Nord, longeant le parc des North Cascades par le flan ouest. Parc National un peu atypique, il n&rsquo;y a pas de structure sp\u00e9cifique pour le visiter, c&rsquo;est de la pure wilderness, \u00e0 l&rsquo;exception de quelques stations de ski. Bizarrement pour les US, ici \u00e7a se passe \u00e0 pied, sur l&rsquo;eau ou \u00e0 ski, mais pas ou peu de bitume. Le parc abrite le nord de la cha\u00eene de montagne des Cascades, dont le Mont Baker, petit fr\u00e8re du Mont Rainier, et le Mont Shuksan que vous connaissez s\u00fbrement sans le savoir, car c&rsquo;est un photo hyper classique. Pas de raison que j&rsquo;en ai pas ma version, alors je m&rsquo;engage sur une des rares routes qui p\u00e9n\u00e8tre dans le parc. Une petite route de montagne sympa qui serpente entre les for\u00eats de pins comme je les aime, GoPro sur le capot. Au final, 2h de route aller-retour et pas mal de virages pour une photo, mais sans regret car il est vrai que le panorama \u00abvaut le d\u00e9tour\u00bb. Dommage qu&rsquo;on soit si pr\u00e8s du Mt Baker sans le voir toutefois.<\/p>\n<div style=\"width: 610px\" class=\"wp-caption aligncenter\"><a href=\"http:\/\/www.daedalum.org\/photos\/PNW13\/Vancouver\/photos\/IMG_9927-IMG_9932_-_7464x2032.jpg\" rel=\"lightbox[467]\"><img alt=\"\" src=\"http:\/\/www.daedalum.org\/photos\/PNW13\/Vancouver\/photos\/IMG_9927-IMG_9932_-_7464x2032.jpg\" width=\"600\" \/><\/a><p class=\"wp-caption-text\">Mt Shuksan<\/p><\/div>\n<p style=\"text-align: justify;\">Je passe ensuite au Canada par la petite douane d&rsquo;une petite ville. La douani\u00e8re est contente de voir un passeport fran\u00e7ais et me souhaite un bon Canada Day. Je prends l&rsquo;autoroute au niveau d&rsquo;Abbotsford et tire sur Vancouver. Je suis oblig\u00e9 de sortir \u00e0 cause d&rsquo;un chantier et continue ma route un peu \u00e0 l&rsquo;aveuglette sans carte pr\u00e9cise. Je pousse \u00e0 l&rsquo;ouest en me disant que je finirai bien par rencontrer une grande \u00e9tendue d&rsquo;eau.\u00a0Je passe d&rsquo;abord d\u00e9poser mes valises \u00e0 UBC qui m&rsquo;accueille pour deux nuits, mais se trouve exactement \u00e0 l&rsquo;autre bout de la ville. L&rsquo;University of British Columbia loue ainsi des chambres \u00e0 pas cher et c&rsquo;est plut\u00f4t un bon plan en comparaison des h\u00f4tels hors de prix du centre ville. Il faut toutefois accepter d&rsquo;\u00eatre un peu excentr\u00e9, mais le campus est simplement superbe et il me prend une envie subite de retourner sur les bancs de l&rsquo;\u00e9cole. J&rsquo;y arrive en fin d&rsquo;apr\u00e8s-midi, le temps de prendre la chambre et je reprends le chemin du centre-ville pour profiter des festivit\u00e9s du jour. Ca semble compliqu\u00e9 d\u2019aller au centre ville en voiture ce soir. Je prends l&rsquo;option bus, ce qui est toujours un peu l&rsquo;aventure quand on ne conna\u00eet pas une ville, et j&rsquo;en choisi un un peu au pif qui semble s\u2019arr\u00eater sur la m\u00eame rue que celle de la parade. Je le prends mais me rends compte que certaines rues dans cette ville font des dizaines de km ! A un carrefour le bus se vide \u00e0 moiti\u00e9 et je suis b\u00eatement le troupeau en me disant que \u00e7a doit \u00eatre une grosse correspondance. Bien m&rsquo;en prend car une minute plus tard un autre bus marqu\u00e9 Downtown passe sur la rue perpendiculaire, et je saute dedans sans ticket (pas de monnaie, le chauffeur me dit \u00abOK\u00bb). Je le savais avant de venir, mais tout cela me permet de constater l&rsquo;importance de la communaut\u00e9 asiatique dans cette ville. Et pour autant il y a quand m\u00eame un quartier appel\u00e9 Chinatown, \u00e7a doit \u00eatre quelque chose !<\/p>\n<div style=\"text-align: center;\">\n<div style=\"display: inline-block; margin-right: 5px;\">\n<div style=\"width: 210px\" class=\"wp-caption aligncenter\"><a href=\"http:\/\/www.daedalum.org\/photos\/PNW13\/Vancouver\/photos\/IMG_9940-IMG_9941_-_1992x3054.jpg\" rel=\"lightbox[467]\"><img alt=\"\" src=\"http:\/\/www.daedalum.org\/photos\/PNW13\/Vancouver\/photos\/IMG_9940-IMG_9941_-_1992x3054.jpg\" width=\"200\" \/><\/a><p class=\"wp-caption-text\">Streets of Vancouver<\/p><\/div>\n<\/div>\n<div style=\"display: inline-block;\">\n<div style=\"width: 215px\" class=\"wp-caption alignnone\"><a href=\"http:\/\/www.daedalum.org\/photos\/PNW13\/Vancouver\/photos\/IMG_9943.jpg\" rel=\"lightbox[467]\"><img alt=\"\" src=\"http:\/\/www.daedalum.org\/photos\/PNW13\/Vancouver\/photos\/IMG_9943.jpg\" width=\"205\" \/><\/a><p class=\"wp-caption-text\">Streets of Vancouver<\/p><\/div>\n<\/div>\n<div style=\"display: inline-block;\">\n<div style=\"width: 215px\" class=\"wp-caption alignnone\"><a href=\"http:\/\/www.daedalum.org\/photos\/PNW13\/Vancouver\/photos\/IMG_9969.jpg\" rel=\"lightbox[467]\"><img alt=\"\" src=\"http:\/\/www.daedalum.org\/photos\/PNW13\/Vancouver\/photos\/IMG_9969.jpg\" width=\"205\" \/><\/a><p class=\"wp-caption-text\">Streets of Vancouver<\/p><\/div>\n<\/div>\n<\/div>\n<p style=\"text-align: justify;\">J\u2019arrive \u00e0 St Georgia St, la parade vient de commencer et je me cale au virage sur St Georgia &amp; Burrard. La grande \u00e9chelle des pompiers ouvre la marche, suivi d&rsquo;un ballet de chars, de parades, de fanfares, dont une bonne partie sont int\u00e9gralement asiatiques. Pour Canada Day je m&rsquo;attendais a un d\u00e9fil\u00e9 de b\u00fbcherons en chemises \u00e0 carreau rouges tenant des ours en laisse. Ou va-t-on si plus personne ne respecte les st\u00e9r\u00e9otypes ?! Je descends ensuite sur Canada Place et d\u00e9couvre le ponton avec les hydravions. L\u00e0, comme \u00e7a, en plein centre-ville d&rsquo;une des plus importantes villes du Canada, un Beaver pose, puis un autre. Le temps qu\u2019il remonte au quai, le soleil se d\u00e9couvre et je shoote. Les gens commencent d\u00e9j\u00e0 \u00e0 s\u2019amasser le long des quais pour le feu d&rsquo;artifice de 22h30, mais il n\u2019est que 20h. Je fais des photos des hydros puis pars m\u2019acheter un burger. Je gal\u00e8re un peu parce que je cherche fast food en centre-ville, erreur de d\u00e9butant, alors qu\u2019en fait \u00e0 deux pas de Canada Place il y avait une ribambelle\u00a0de vendeurs ambulants. J\u2019en profite pour acheter deux cartes et les \u00e9crire, mais je ne suis satisfait ni des cartes ni des textes. Je les r\u00e9-ecrirai demain, je suis comme \u00e7a.<\/p>\n<div style=\"text-align: center;\">\n<div style=\"display: inline-block; margin-right: 5px;\">\n<div style=\"width: 310px\" class=\"wp-caption aligncenter\"><a href=\"http:\/\/www.daedalum.org\/photos\/PNW13\/Vancouver\/photos\/IMG_9961.jpg\" rel=\"lightbox[467]\"><img alt=\"\" src=\"http:\/\/www.daedalum.org\/photos\/PNW13\/Vancouver\/photos\/IMG_9961.jpg\" width=\"300\" \/><\/a><p class=\"wp-caption-text\">Canada Day Parade<\/p><\/div>\n<\/div>\n<div style=\"display: inline-block;\">\n<div style=\"width: 310px\" class=\"wp-caption alignnone\"><a href=\"http:\/\/www.daedalum.org\/photos\/PNW13\/Vancouver\/photos\/IMG_9972.jpg\" rel=\"lightbox[467]\"><img alt=\"\" src=\"http:\/\/www.daedalum.org\/photos\/PNW13\/Vancouver\/photos\/IMG_9972.jpg\" width=\"300\" \/><\/a><p class=\"wp-caption-text\">Canada Day Parade<\/p><\/div>\n<\/div>\n<\/div>\n<p style=\"text-align: justify;\">Je trouve un spot en bord de quai avec vue imprenable sur les barges qui sont en train d&rsquo;\u00eatre install\u00e9es dans la baie. Un vieux man s\u2019assied \u00e0 c\u00f4t\u00e9 et commence \u00e0 vouloir taper la discut&rsquo; alors que vraisemblablement ni moi ni son autre voisin &#8211; russe &#8211; n\u2019ont vraiment envie de tout savoir de sa vie. Je mets le casque histoire de bien faire passer le message. 21h30, premier coup de canon. Le bateau des pompiers fait le show avec les lances \u00e0 incendies. 22h00 les barges sont compl\u00e8tement mises en place, deuxi\u00e8me coup de canon. 22h15, encore un coup et la nuit tombe. 22h30 c\u2019est parti. Les quais sont bond\u00e9s. Le feu est bien mais pas le plus impressionnant que j\u2019ai pu voir. Sur l&rsquo;eau c&rsquo;est quand m\u00eame toujours plus beau, surtout quand dans l&rsquo;axe vous avez le ponton avec tous les hydros qui se d\u00e9tachent en ombres chinoises \u00e0 chaque fus\u00e9e qui \u00e9clate. Depuis la plage d\u2019en face avec la Skyline en background ca doit \u00eatre bien sympa mais j\u2019avais la flemme et surtout pas envie de crapahuter trop longtemps pour retrouver mon bus apr\u00e8s.\u00a0Je me gal\u00e8re d\u00e9j\u00e0 pas mal pour retrouver la ligne de bus qui m&rsquo;avait amen\u00e9 l\u00e0, \u00e0 cause de travaux. Quand je le trouve enfin, le bus est plein. Je remonte la rue pour essayer de le prendre un ou deux arr\u00eats plus t\u00f4t pour \u00e9viter la foule. J\u2019attends un peu mais c\u2019est un mal pour un bien, \u00e0 l\u2019arr\u00eat suivant le bus est d\u00e9j\u00e0 plein et le chauffeur zappe tous les arr\u00eats suivants. J\u2019arrive enfin \u00e0 UBC \u00e0 minuit pass\u00e9, cette nuit dodo !<\/p>\n<div style=\"width: 460px\" class=\"wp-caption aligncenter\"><a href=\"http:\/\/www.daedalum.org\/photos\/PNW13\/Vancouver\/photos\/IMG_0103.jpg\" rel=\"lightbox[467]\"><img alt=\"\" src=\"http:\/\/www.daedalum.org\/photos\/PNW13\/Vancouver\/photos\/IMG_0103.jpg\" width=\"450\" \/><\/a><p class=\"wp-caption-text\">Canada Day<\/p><\/div>\n<p style=\"text-align: center;\"><em>Retrouvez toutes les photos <a title=\"Galerie Vancouver\" href=\"http:\/\/www.daedalum.org\/photos\/PNW13\/Vancouver\/index.html\" target=\"_blank\">ici<\/a>\u00a0et <a title=\"Galerie Paine Field, Everett\" href=\"http:\/\/www.daedalum.org\/photos\/PNW13\/Everett\/index.html\" target=\"_blank\">ici<\/a><\/em><\/p>\n<div id=\"attachment_480\" style=\"width: 224px\" class=\"wp-caption aligncenter\"><a href=\"http:\/\/www.daedalum.org\/wp\/wp-content\/uploads\/2014\/02\/day10.png\" rel=\"lightbox[467]\"><img aria-describedby=\"caption-attachment-480\" loading=\"lazy\" class=\"size-medium wp-image-480\" alt=\"Seattle to Vancouver\" src=\"http:\/\/www.daedalum.org\/wp\/wp-content\/uploads\/2014\/02\/day10-214x300.png\" width=\"214\" height=\"300\" srcset=\"https:\/\/blog.daedalum.org\/wp-content\/uploads\/2014\/02\/day10-214x300.png 214w, https:\/\/blog.daedalum.org\/wp-content\/uploads\/2014\/02\/day10.png 694w\" sizes=\"(max-width: 214px) 100vw, 214px\" \/><\/a><p id=\"caption-attachment-480\" class=\"wp-caption-text\">Seattle to Vancouver<\/p><\/div>\n","protected":false},"excerpt":{"rendered":"<p>La journ\u00e9e d\u00e9bute \u00e0 Everett, au nord de Seattle. Dans le monde a\u00e9ro, Everett rime avec le chiffre sept. Sept comme dans 747, 767, 777 ou 787. Donc lever \u00e0 7h du matin, car je suis attendu \u00e0 Future of Flight, une organisation rattach\u00e9e \u00e0 Boeing en charge d&rsquo;organiser les visites sur le site. Everett &#8230;<\/p>\n<p><a href=\"https:\/\/blog.daedalum.org\/?p=467\" class=\"more-link\">Continue reading &lsquo;PNW&rsquo;13 &#8211; Day 10 &#8211; Everett, Cascades &#038; Canada Day&rsquo; &raquo;<\/a><\/p>\n","protected":false},"author":1,"featured_media":526,"comment_status":"open","ping_status":"open","sticky":false,"template":"","format":"standard","meta":[],"categories":[7],"tags":[84,26,96,101,29,102],"_links":{"self":[{"href":"https:\/\/blog.daedalum.org\/index.php?rest_route=\/wp\/v2\/posts\/467"}],"collection":[{"href":"https:\/\/blog.daedalum.org\/index.php?rest_route=\/wp\/v2\/posts"}],"about":[{"href":"https:\/\/blog.daedalum.org\/index.php?rest_route=\/wp\/v2\/types\/post"}],"author":[{"embeddable":true,"href":"https:\/\/blog.daedalum.org\/index.php?rest_route=\/wp\/v2\/users\/1"}],"replies":[{"embeddable":true,"href":"https:\/\/blog.daedalum.org\/index.php?rest_route=%2Fwp%2Fv2%2Fcomments&post=467"}],"version-history":[{"count":24,"href":"https:\/\/blog.daedalum.org\/index.php?rest_route=\/wp\/v2\/posts\/467\/revisions"}],"predecessor-version":[{"id":529,"href":"https:\/\/blog.daedalum.org\/index.php?rest_route=\/wp\/v2\/posts\/467\/revisions\/529"}],"wp:featuredmedia":[{"embeddable":true,"href":"https:\/\/blog.daedalum.org\/index.php?rest_route=\/wp\/v2\/media\/526"}],"wp:attachment":[{"href":"https:\/\/blog.daedalum.org\/index.php?rest_route=%2Fwp%2Fv2%2Fmedia&parent=467"}],"wp:term":[{"taxonomy":"category","embeddable":true,"href":"https:\/\/blog.daedalum.org\/index.php?rest_route=%2Fwp%2Fv2%2Fcategories&post=467"},{"taxonomy":"post_tag","embeddable":true,"href":"https:\/\/blog.daedalum.org\/index.php?rest_route=%2Fwp%2Fv2%2Ftags&post=467"}],"curies":[{"name":"wp","href":"https:\/\/api.w.org\/{rel}","templated":true}]}}