{"id":60,"date":"2007-04-29T15:39:32","date_gmt":"2007-04-29T15:39:32","guid":{"rendered":"http:\/\/www.daedalum.org\/wp\/?p=60"},"modified":"2007-04-29T15:39:32","modified_gmt":"2007-04-29T15:39:32","slug":"petit-tour-en-baie-de-somme","status":"publish","type":"post","link":"https:\/\/blog.daedalum.org\/?p=60","title":{"rendered":"Petit tour en Baie de Somme"},"content":{"rendered":"<p>Les <a href=\"http:\/\/novat.free.fr\/dotclear\/index.php\/2007\/04\/28\/59-milan-acrobate\" hreflang=\"fr\" target=\"_blank\">Milans<\/a> et les <a href=\"http:\/\/novat.free.fr\/dotclear\/index.php\/2007\/04\/28\/60-les-gendarmes-sont-sympas\" hreflang=\"fr\" target=\"_blank\">Gendarmes<\/a> constituaient en fait les deux premiers jeux de photos d&rsquo;une s\u00e9rie sur la Baie de Somme que je vais poursuivre dans les jours qui viennent.<\/p>\n<p> A deux heures de Paris, pour ceux qui ne connaissent pas, entre Dieppe et le Touquet, s&rsquo;\u00e9tant donc la <a href=\"http:\/\/maps.google.fr\/?ie=UTF8&#038;z=12&#038;ll=50.213163,1.582718&#038;spn=0.15533,0.251999&#038;t=h&#038;om=1\" hreflang=\"fr\" target=\"_blank\">Baie de Somme<\/a> (en fait son estuaire). Grande baie tr\u00e8s peu profonde, elle constitue une gigantesque vasi\u00e8re \u00e0 <a href=\"http:\/\/maps.google.fr\/?ie=UTF8&#038;om=1&#038;z=13&#038;ll=50.209318,1.599712&#038;spn=0.077671,0.125999&#038;t=h\" hreflang=\"fr\" target=\"_blank\">mar\u00e9e basse<\/a>, autant dire un festin pour les oiseaux de littoral. Depuis les ann\u00e9es 60 et la cr\u00e9ation d&rsquo;un <a href=\"http:\/\/www.baiedesomme.fr\/parc-du-marquenterre-en-baie-de-somme-parc-ornithologique-oiseaux-migrateurs-animation-et-voyage-nature--fre3.html\" hreflang=\"fr\" target=\"_blank\">parc ornithologique du Marquenterre<\/a> sur des anciennes plantations de tulipes, les oiseaux ont bien compris que cet endroit constituait une \u00e9tape de choix lors des migrations (m\u00eame si la chasse au gibier d&rsquo;eau y est tr\u00e8s active). Tous les ans a lieu le <a href=\"http:\/\/www.festival-oiseau.asso.fr\/new\/fr\/index.asp\" hreflang=\"fr\" target=\"_blank\">festival de l&rsquo;oiseau<\/a>, une semaine au printemps pendant laquelle un certain nombre d&rsquo;activit\u00e9s sont propos\u00e9es pour les amateurs. C&rsquo;\u00e9tait donc le week-end dernier, et voici quelques petits souvenirs&#8230; <\/p>\n<p> R\u00e9gion riche en \u00e9nergie \u00e9olienne. Celle ci prise au lev\u00e9 du soleil, belle lumi\u00e8re et beau ciel<\/p>\n<p> <center> <a href=\"http:\/\/www.daedalum.org\/photos\/somme210407\/abbeville_210407_eolienne_01_1024_rm.jpg\" hreflang=\"fr\" rel=\"lightbox[BdS1]\" Title=\"Eolienne\"><img src=\"http:\/\/www.daedalum.org\/photos\/somme210407\/abbeville_210407_eolienne_01_1024_rm_th.jpg\" alt=\"\" width=180 \/><\/a> <\/center> <\/p>\n<p> Et d\u00e8s la mar\u00e9e haute, les plaisanciers de St Valery et du Crotoy s&rsquo;activent<\/p>\n<p> <center> <a href=\"http:\/\/www.daedalum.org\/photos\/somme210407\/stvalery_210407_lecrotoy_02_1024_rm.jpg\" hreflang=\"fr\" rel=\"lightbox[BdS1]\" Title=\"Fr\u00eale esquif passant devant le Crotoy\"><img src=\"http:\/\/www.daedalum.org\/photos\/somme210407\/stvalery_210407_lecrotoy_02_1024_rm_th.jpg\" alt=\"\" width=280 \/><\/a> <a href=\"http:\/\/www.daedalum.org\/photos\/somme210407\/stvalery_210407_stvalery_01_1024_rm.jpg\" hreflang=\"fr\" rel=\"lightbox[BdS1]\" Title=\"Sortie du port de St Val\u00e9ry\"><img src=\"http:\/\/www.daedalum.org\/photos\/somme210407\/stvalery_210407_stvalery_01_1024_rm_th.jpg\" alt=\"\" width=280 \/><\/a> <br \/>\n <a href=\"http:\/\/www.daedalum.org\/photos\/somme210407\/stvalery_210407_bateau_01_1024_rm.jpg\" hreflang=\"fr\" rel=\"lightbox[BdS1]\" Title=\"Plaisancier\"><img src=\"http:\/\/www.daedalum.org\/photos\/somme210407\/stvalery_210407_bateau_01_1024_rm_th.jpg\" alt=\"\" width=180 \/><\/a> <a href=\"http:\/\/www.daedalum.org\/photos\/somme210407\/hourdel_220407_phare_01_1024_rm.jpg\" hreflang=\"fr\" rel=\"lightbox[BdS1]\" Title=\"Phare de la Pointe du Hourdel\"><img src=\"http:\/\/www.daedalum.org\/photos\/somme210407\/hourdel_220407_phare_01_1024_rm_th.jpg\" alt=\"\" width=180 \/><\/a> <a href=\"http:\/\/www.daedalum.org\/photos\/somme210407\/hourdel_220407_bouees_01_1024_rm.jpg\" hreflang=\"fr\" rel=\"lightbox[BdS1]\" Title=\"Bou\u00e9es sur le chenal \u00e0 mar\u00e9e basse\"><img src=\"http:\/\/www.daedalum.org\/photos\/somme210407\/hourdel_220407_bouees_01_1024_rm_th.jpg\" alt=\"\" width=180 \/><\/a> <br \/>\n <a href=\"http:\/\/www.daedalum.org\/photos\/somme210407\/stvalery_210407_lecrotoy_01_1024_rm.jpg\" hreflang=\"fr\" rel=\"lightbox[BdS1]\" Title=\"Le Crotoy, o\u00f9 J. Vernes a \u00e9crit 20.000 Lieues sous les mers\"><img src=\"http:\/\/www.daedalum.org\/photos\/somme210407\/stvalery_210407_lecrotoy_01_1024_rm_th.jpg\" alt=\"\" width=280 \/><\/a> <a href=\"http:\/\/www.daedalum.org\/photos\/somme210407\/stvalery_210407_chapelle_01_1024_nb_rm.jpg\" hreflang=\"fr\" rel=\"lightbox[BdS1]\" Title=\"Chap\u00e8le des P\u00eacheurs \u00e0 St Val\u00e9ry\"><img src=\"http:\/\/www.daedalum.org\/photos\/somme210407\/stvalery_210407_chapelle_01_1024_nb_rm_th.jpg\" alt=\"\" width=280 \/><\/a> <\/center> <br \/>\n <a href=\"http:\/\/www.xiti.com\/xiti.asp?s=296936\" title=\"WebAnalytics\"> <script type=\"text\/javascript\"> <!-- Xt_param = 's=296936&p=baie-de-somme-1'; try {Xt_r = top.document.referrer;} catch(e) {Xt_r = document.referrer; } Xt_h = new Date(); Xt_i = '<img width=\"16\" height=\"10\" border=\"0\" '; Xt_i += 'src=\"http:\/\/logv7.xiti.com\/hit.xiti?'+Xt_param; Xt_i += '&hl='+Xt_h.getHours()+'x'+Xt_h.getMinutes()+'x'+Xt_h.getSeconds(); if(parseFloat(navigator.appVersion)>=4) {Xt_s=screen;Xt_i+='&r='+Xt_s.width+'x'+Xt_s.height+'x'+Xt_s.pixelDepth+'x'+Xt_s.colorDepth;} document.write(Xt_i+'&ref='+Xt_r.replace(\/[<>\"]\/g, '').replace(\/&\/g, '$')+'\" title=\"Internet Audience\">'); \/\/--> <\/script> <noscript> <img width=\"16\" src=\"http:\/\/logv7.xiti.com\/hit.xiti?s=296936&#038;p=baie-de-somme-1\" alt=\"WebAnalytics\" \/> <\/noscript><\/a><\/p>\n","protected":false},"excerpt":{"rendered":"<p>Les Milans et les Gendarmes constituaient en fait les deux premiers jeux de photos d&rsquo;une s\u00e9rie sur la Baie de Somme que je vais poursuivre dans les jours qui viennent. A deux heures de Paris, pour ceux qui ne connaissent pas, entre Dieppe et le Touquet, s&rsquo;\u00e9tant donc la Baie de Somme (en fait son &#8230;<\/p>\n<p><a href=\"https:\/\/blog.daedalum.org\/?p=60\" class=\"more-link\">Continue reading &lsquo;Petit tour en Baie de Somme&rsquo; &raquo;<\/a><\/p>\n","protected":false},"author":1,"featured_media":0,"comment_status":"open","ping_status":"open","sticky":false,"template":"","format":"standard","meta":[],"categories":[8],"tags":[],"_links":{"self":[{"href":"https:\/\/blog.daedalum.org\/index.php?rest_route=\/wp\/v2\/posts\/60"}],"collection":[{"href":"https:\/\/blog.daedalum.org\/index.php?rest_route=\/wp\/v2\/posts"}],"about":[{"href":"https:\/\/blog.daedalum.org\/index.php?rest_route=\/wp\/v2\/types\/post"}],"author":[{"embeddable":true,"href":"https:\/\/blog.daedalum.org\/index.php?rest_route=\/wp\/v2\/users\/1"}],"replies":[{"embeddable":true,"href":"https:\/\/blog.daedalum.org\/index.php?rest_route=%2Fwp%2Fv2%2Fcomments&post=60"}],"version-history":[{"count":0,"href":"https:\/\/blog.daedalum.org\/index.php?rest_route=\/wp\/v2\/posts\/60\/revisions"}],"wp:attachment":[{"href":"https:\/\/blog.daedalum.org\/index.php?rest_route=%2Fwp%2Fv2%2Fmedia&parent=60"}],"wp:term":[{"taxonomy":"category","embeddable":true,"href":"https:\/\/blog.daedalum.org\/index.php?rest_route=%2Fwp%2Fv2%2Fcategories&post=60"},{"taxonomy":"post_tag","embeddable":true,"href":"https:\/\/blog.daedalum.org\/index.php?rest_route=%2Fwp%2Fv2%2Ftags&post=60"}],"curies":[{"name":"wp","href":"https:\/\/api.w.org\/{rel}","templated":true}]}}